{"id":7483,"date":"2025-01-27T20:05:33","date_gmt":"2025-01-27T18:05:33","guid":{"rendered":"https:\/\/ekisolar.com\/?p=7483"},"modified":"2025-01-27T20:16:25","modified_gmt":"2025-01-27T18:16:25","slug":"veinte-anos-no-son-nada-o-si-una-mirada-no-nostalgica-al-sector-fotovoltaico-en-2006","status":"publish","type":"post","link":"https:\/\/ekisolar.com\/eu\/veinte-anos-no-son-nada-o-si-una-mirada-no-nostalgica-al-sector-fotovoltaico-en-2006\/","title":{"rendered":"Veinte a\u00f1os no son nada&#8230; o s\u00ed; una mirada &#8220;no nost\u00e1lgica&#8221; al sector fotovoltaico en 2006"},"content":{"rendered":"<div class=\"fusion-fullwidth fullwidth-box fusion-builder-row-1 fusion-flex-container nonhundred-percent-fullwidth non-hundred-percent-height-scrolling\" style=\"--awb-border-radius-top-left:0px;--awb-border-radius-top-right:0px;--awb-border-radius-bottom-right:0px;--awb-border-radius-bottom-left:0px;--awb-flex-wrap:wrap;\" ><div class=\"fusion-builder-row fusion-row fusion-flex-align-items-flex-start fusion-flex-justify-content-center fusion-flex-content-wrap\" style=\"max-width:1248px;margin-left: calc(-4% \/ 2 );margin-right: calc(-4% \/ 2 );\"><div class=\"fusion-layout-column fusion_builder_column fusion-builder-column-0 fusion_builder_column_1_1 1_1 fusion-flex-column\" style=\"--awb-bg-size:cover;--awb-width-large:100%;--awb-margin-top-large:0px;--awb-spacing-right-large:1.92%;--awb-margin-bottom-large:0px;--awb-spacing-left-large:1.92%;--awb-width-medium:100%;--awb-order-medium:0;--awb-spacing-right-medium:1.92%;--awb-spacing-left-medium:1.92%;--awb-width-small:100%;--awb-order-small:0;--awb-spacing-right-small:1.92%;--awb-spacing-left-small:1.92%;\"><div class=\"fusion-column-wrapper fusion-column-has-shadow fusion-flex-justify-content-flex-start fusion-content-layout-column\"><div class=\"fusion-title title fusion-title-1 fusion-sep-none fusion-title-text fusion-title-size-six\" style=\"--awb-margin-top-small:10px;--awb-margin-right-small:0px;--awb-margin-bottom-small:10px;--awb-margin-left-small:0px;\"><h6 class=\"fusion-title-heading title-heading-left\" style=\"margin:0;\"><a href=\"https:\/\/www.linkedin.com\/search\/results\/all\/?fetchDeterministicClustersOnly=true&amp;heroEntityKey=urn%3Ali%3Afsd_profile%3AACoAAAMjeCMB2kaQk4gweUKJwx53yiSHrnW7p_Y&amp;keywords=jos\u00e9%20ignacio%20mendoza%20plaza&amp;origin=RICH_QUERY_SUGGESTION&amp;position=0&amp;searchId=fee23d17-821b-47bd-bee3-64c5bfb325b4&amp;sid=WIZ&amp;spellCorrectionEnabled=false\" target=\"_blank\" rel=\"noopener\"><em><strong>Por Jos\u00e9 Ignacio Mendoza Plaza<\/strong><\/em><\/a><\/h6><\/div><div class=\"fusion-title title fusion-title-2 fusion-sep-none fusion-title-text fusion-title-size-four\" style=\"--awb-margin-bottom:30px;--awb-margin-top-small:10px;--awb-margin-right-small:0px;--awb-margin-bottom-small:10px;--awb-margin-left-small:0px;\"><h4 class=\"fusion-title-heading title-heading-left\" style=\"margin:0;\">La visi\u00f3n idealista del sector se choc\u00f3 con la visi\u00f3n oportunista<\/h4><\/div><div class=\"fusion-text fusion-text-1\"><p>Llevar casi 20 a\u00f1os en el sector fotovoltaico te da una cierta perspectiva de c\u00f3mo ha sido la historia -aunque corta pero intensa- de este sector en Espa\u00f1a. Lo hablaba hace unos d\u00edas con un colega de aquellos tiempos, que aunque parecen tan lejanos en la mente no lo son tanto en el n\u00famero de a\u00f1os que han pasado.<\/p>\n<p>Cuando empezamos a trabajar en este sector, con mucha ilusi\u00f3n y cierto idealismo, la energ\u00eda solar era algo nuevo relativamente en la sociedad espa\u00f1ola y aunque hab\u00eda ya visionarios del negocio (tambi\u00e9n algunos espabilados) muchos \u00a0est\u00e1bamos \u00a0mas cerca de una visi\u00f3n idealista y ecologista. \u00c9ramos pocos e \u00edbamos un pasito por delante de la sensibilidad social de aquel momento. Para vender un proyecto hab\u00eda que argumentar mucho y bien; \u00a0sobre las ventajas de la energ\u00eda solar, de la rentabilidad de la inversi\u00f3n rentable, de su fiabilidad\u2026<\/p>\n<p>Pero lo cierto es que enseguida conocimos el otro lado del sector; el m\u00e1s especulativo. Recuerdo que en la primera reuni\u00f3n a la que asist\u00ed en Madrid se me acerc\u00f3 un chico joven para ofrecernos el contacto del alcalde de un Ayuntamiento manchego para instalar un huerto solar. Seg\u00fan dec\u00eda era pariente suyo y el negocio estaba hecho a cambio de una buena comisi\u00f3n. Nos quedamos de piedra \u00a0y nos pareci\u00f3 propio de una pel\u00edcula de Berlanga. Hay que recordar que en aquellos momentos los bancos financiaban con entusiasmo e incluso \u00a0promocionaban huertos solares y parcelas como si fueran planes de pensiones. As\u00ed que fueron muchos los comisionistas e intermediarios que basados en las generosas \u00a0primas que daba el gobierno de aquel momento, \u00a0se enriquecieron y, porque no decirlo y, a mi juicio, en exceso.<\/p>\n<p>Lleg\u00f3 la crisis y como se dice \u201ccuando se hunde el barco las ratas (en sentido figurado por supuesto) son las primeras en abandonarlo\u201d de forma que aquellos que ven\u00edan del \u201cladrillo&#8221;, pasando de puntillas por la oportunidad fotovoltaica se fueron, seguramente \u00a0a buscar nuevos negocios y aires m\u00e1s rentables.<\/p>\n<p>El gobierno no regul\u00f3 a tiempo la legislaci\u00f3n, se les fue de las manos y la crisis de aquel 2008, con el nuevo gobierno popular, remat\u00f3 el sector dificultando y pr\u00e1cticamente \u201cprohibiendo\u201d las \u00a0nuevas instalaciones.<\/p>\n<\/div><div class=\"fusion-title title fusion-title-3 fusion-sep-none fusion-title-text fusion-title-size-four\" style=\"--awb-margin-bottom:30px;--awb-margin-top-small:10px;--awb-margin-right-small:0px;--awb-margin-bottom-small:10px;--awb-margin-left-small:0px;\"><h4 class=\"fusion-title-heading title-heading-left\" style=\"margin:0;\">El sector est\u00e1 hoy mucho m\u00e1s maduro, desarrollado y, sobre todo, profesionalizado<\/h4><\/div><div class=\"fusion-text fusion-text-2\"><p>No tengo nostalgia de \u201ctiempos pasados\u201d en absoluto ya que hoy estamos much\u00edsimo mejor. Afortunadamente ha cambiado mucho el sector, ha crecido, desarrollado, madurado y sobre todo se ha profesionalizado. Desde luego nada que ver con 2006. Como es l\u00f3gico convivimos modelos de empresas con valores y visiones bien distintas, a veces incluso contrapuestas y antag\u00f3nicas. En lo que todos estamos de acuerdo es que la energ\u00eda solar es un paso adelante en el cambio de modelo energ\u00e9tico y que es intr\u00ednsecamente buena para nuestro planeta\u2026 A partir de ah\u00ed y en muchas otras cuestiones es\u201d otro cantar\u201d. Cada empresa es el reflejo de formas de entender bien diferentes de una organizaci\u00f3n y del papel que debe de jugar en la sociedad. Y como pasa en la vida&#8230; cada uno se junta con los de su cuerda.<\/p>\n<\/div><\/div><\/div><div class=\"fusion-layout-column fusion_builder_column fusion-builder-column-1 fusion_builder_column_1_4 1_4 fusion-flex-column fusion-animated\" style=\"--awb-bg-size:cover;--awb-width-large:25%;--awb-margin-top-large:0px;--awb-spacing-right-large:7.68%;--awb-margin-bottom-large:0px;--awb-spacing-left-large:7.68%;--awb-width-medium:25%;--awb-order-medium:0;--awb-spacing-right-medium:7.68%;--awb-spacing-left-medium:7.68%;--awb-width-small:100%;--awb-order-small:0;--awb-spacing-right-small:1.92%;--awb-margin-bottom-small:55px;--awb-spacing-left-small:1.92%;\" data-animationType=\"fadeInUp\" data-animationDuration=\"0.8\" data-animationOffset=\"top-into-view\" data-scroll-devices=\"small-visibility,medium-visibility,large-visibility\"><div class=\"fusion-column-wrapper fusion-column-has-shadow fusion-flex-justify-content-flex-start fusion-content-layout-column\"><div class=\"fusion-image-element \" style=\"text-align:center;--awb-liftup-border-radius:0px;--awb-aspect-ratio: 100 \/ 110;--awb-margin-bottom:0px;--awb-caption-title-font-family:var(--h2_typography-font-family);--awb-caption-title-font-weight:var(--h2_typography-font-weight);--awb-caption-title-font-style:var(--h2_typography-font-style);--awb-caption-title-size:var(--h2_typography-font-size);--awb-caption-title-transform:var(--h2_typography-text-transform);--awb-caption-title-line-height:var(--h2_typography-line-height);--awb-caption-title-letter-spacing:var(--h2_typography-letter-spacing);\"><div class=\"awb-image-frame awb-image-frame-1 imageframe-liftup\"><span class=\" fusion-imageframe imageframe-none imageframe-1 has-aspect-ratio\" style=\"border:2px solid var(--awb-color5);\"><img decoding=\"async\" width=\"300\" height=\"300\" title=\"equipo-ekisolar-jose-ignacio-mendoza\" src=\"https:\/\/ekisolar.com\/wp-content\/uploads\/2024\/08\/equipo-ekisolar9-300x300-1.jpg\" data-orig-src=\"https:\/\/ekisolar.com\/wp-content\/uploads\/2024\/08\/equipo-ekisolar9-300x300-1.jpg\" class=\"lazyload img-responsive wp-image-6858 img-with-aspect-ratio\" data-parent-fit=\"cover\" data-parent-container=\".fusion-image-element\" alt srcset=\"data:image\/svg+xml,%3Csvg%20xmlns%3D%27http%3A%2F%2Fwww.w3.org%2F2000%2Fsvg%27%20width%3D%27300%27%20height%3D%27300%27%20viewBox%3D%270%200%20300%20300%27%3E%3Crect%20width%3D%27300%27%20height%3D%27300%27%20fill-opacity%3D%220%22%2F%3E%3C%2Fsvg%3E\" data-srcset=\"https:\/\/ekisolar.com\/wp-content\/uploads\/2024\/08\/equipo-ekisolar9-300x300-1-200x200.jpg 200w, https:\/\/ekisolar.com\/wp-content\/uploads\/2024\/08\/equipo-ekisolar9-300x300-1.jpg 300w\" data-sizes=\"auto\" data-orig-sizes=\"(max-width: 700px) 100vw, 300px\" \/><\/span><\/div><\/div><\/div><\/div><div class=\"fusion-layout-column fusion_builder_column fusion-builder-column-2 fusion_builder_column_3_4 3_4 fusion-flex-column fusion-animated\" style=\"--awb-bg-size:cover;--awb-width-large:75%;--awb-margin-top-large:0px;--awb-spacing-right-large:2.56%;--awb-margin-bottom-large:0px;--awb-spacing-left-large:2.56%;--awb-width-medium:75%;--awb-order-medium:0;--awb-spacing-right-medium:2.56%;--awb-spacing-left-medium:2.56%;--awb-width-small:100%;--awb-order-small:0;--awb-spacing-right-small:1.92%;--awb-margin-bottom-small:55px;--awb-spacing-left-small:1.92%;\" data-animationType=\"fadeInUp\" data-animationDuration=\"0.8\" data-animationOffset=\"top-into-view\" data-scroll-devices=\"small-visibility,medium-visibility,large-visibility\"><div class=\"fusion-column-wrapper fusion-column-has-shadow fusion-flex-justify-content-flex-start fusion-content-layout-column\"><div class=\"fusion-title title fusion-title-4 fusion-sep-none fusion-title-text fusion-title-size-six\" style=\"--awb-margin-top-small:10px;--awb-margin-right-small:0px;--awb-margin-bottom-small:10px;--awb-margin-left-small:0px;\"><h6 class=\"fusion-title-heading title-heading-left\" style=\"margin:0;\"><p style=\"text-align: center;\"><strong>Jos\u00e9 Ignacio Mendoza Plaza<br \/>\nes Gerente de Ekienergy-Ekisolar<\/strong><\/p><\/h6><\/div><div class=\"fusion-builder-row fusion-builder-row-inner fusion-row fusion-flex-align-items-flex-start fusion-flex-justify-content-center fusion-flex-content-wrap\" style=\"--awb-flex-grow:0;--awb-flex-grow-medium:0;--awb-flex-grow-small:0;--awb-flex-shrink:0;--awb-flex-shrink-medium:0;--awb-flex-shrink-small:0;width:104% !important;max-width:104% !important;margin-left: calc(-4% \/ 2 );margin-right: calc(-4% \/ 2 );\"><div class=\"fusion-layout-column fusion_builder_column_inner fusion-builder-nested-column-0 fusion_builder_column_inner_1_1 1_1 fusion-flex-column\" style=\"--awb-padding-top:30px;--awb-padding-right:15px;--awb-padding-bottom:22px;--awb-padding-left:15px;--awb-bg-color:var(--awb-color1);--awb-bg-color-hover:var(--awb-color1);--awb-bg-size:cover;--awb-border-color:var(--awb-color3);--awb-border-color-hover:var(--awb-color3);--awb-border-top:1px;--awb-border-right:1px;--awb-border-bottom:1px;--awb-border-left:1px;--awb-border-style:solid;--awb-transform:translateY(-30px);--awb-transform-hover:translateY(-30px);--awb-width-large:100%;--awb-margin-top-large:20px;--awb-spacing-right-large:1.92%;--awb-margin-bottom-large:20px;--awb-spacing-left-large:1.92%;--awb-width-medium:100%;--awb-order-medium:0;--awb-spacing-right-medium:1.92%;--awb-spacing-left-medium:1.92%;--awb-width-small:80%;--awb-order-small:0;--awb-spacing-right-small:2.4%;--awb-spacing-left-small:2.4%;\" data-scroll-devices=\"small-visibility,medium-visibility,large-visibility\"><div class=\"fusion-column-wrapper fusion-column-has-shadow fusion-flex-justify-content-center fusion-content-layout-column\"><div class=\"fusion-social-links fusion-social-links-1\" style=\"--awb-margin-top:0px;--awb-margin-right:0px;--awb-margin-bottom:0px;--awb-margin-left:0px;--awb-alignment:center;--awb-box-border-top:0px;--awb-box-border-right:0px;--awb-box-border-bottom:0px;--awb-box-border-left:0px;--awb-icon-colors-hover:var(--awb-color5);--awb-box-colors-hover:var(--awb-color5);--awb-box-border-color:var(--awb-color3);--awb-box-border-color-hover:var(--awb-color4);\"><div class=\"fusion-social-networks color-type-custom\"><div class=\"fusion-social-networks-wrapper\"><a class=\"fusion-social-network-icon fusion-tooltip fusion-linkedin awb-icon-linkedin\" style=\"color:var(--awb-color3);font-size:16px;\" data-placement=\"top\" data-title=\"LinkedIn\" data-toggle=\"tooltip\" title=\"LinkedIn\" aria-label=\"linkedin\" target=\"_blank\" rel=\"noopener noreferrer\" href=\"https:\/\/www.linkedin.com\/in\/jos\u00e9-ignacio-mendoza-plaza\/\"><\/a><a class=\"fusion-social-network-icon fusion-tooltip fusion-mail awb-icon-mail\" style=\"color:var(--awb-color3);font-size:16px;\" data-placement=\"top\" data-title=\"Email\" data-toggle=\"tooltip\" title=\"Email\" aria-label=\"mail\" target=\"_blank\" rel=\"noopener noreferrer\" href=\"mailto:&#106;&#105;m&#101;n&#100;o&#122;a&#064;&#101;&#107;&#105;sol&#097;r.&#099;&#111;&#109;\"><\/a><\/div><\/div><\/div><\/div><\/div><\/div><\/div><\/div><\/div><\/div>\n","protected":false},"excerpt":{"rendered":"<p>Llevar casi 20 a\u00f1os en el sector fotovoltaico te da una cierta perspectiva de c\u00f3mo ha sido la historia -aunque corta pero intensa- de este sector en Espa\u00f1a. Lo hablaba hace unos d\u00edas con un colega de aquellos tiempos, que aunque parecen tan lejanos en la mente no lo son tanto en el n\u00famero de a\u00f1os que han pasado.<\/p>\n","protected":false},"author":3,"featured_media":7479,"comment_status":"open","ping_status":"open","sticky":false,"template":"","format":"standard","meta":{"_acf_changed":false,"footnotes":""},"categories":[86,91,89,87,90,88,92],"tags":[],"class_list":["post-7483","post","type-post","status-publish","format-standard","has-post-thumbnail","hentry","category-aerotermia-eu","category-berrikuntza","category-diagnostikoa-ingeniaritza-eta-kudeaketa","category-energia-biltegiratzea","category-fotovoltaikoa","category-korporatiboa","category-soluzio-elektrikoak-eta-klimatizazioa"],"acf":[],"_links":{"self":[{"href":"https:\/\/ekisolar.com\/eu\/wp-json\/wp\/v2\/posts\/7483","targetHints":{"allow":["GET"]}}],"collection":[{"href":"https:\/\/ekisolar.com\/eu\/wp-json\/wp\/v2\/posts"}],"about":[{"href":"https:\/\/ekisolar.com\/eu\/wp-json\/wp\/v2\/types\/post"}],"author":[{"embeddable":true,"href":"https:\/\/ekisolar.com\/eu\/wp-json\/wp\/v2\/users\/3"}],"replies":[{"embeddable":true,"href":"https:\/\/ekisolar.com\/eu\/wp-json\/wp\/v2\/comments?post=7483"}],"version-history":[{"count":12,"href":"https:\/\/ekisolar.com\/eu\/wp-json\/wp\/v2\/posts\/7483\/revisions"}],"predecessor-version":[{"id":7506,"href":"https:\/\/ekisolar.com\/eu\/wp-json\/wp\/v2\/posts\/7483\/revisions\/7506"}],"wp:featuredmedia":[{"embeddable":true,"href":"https:\/\/ekisolar.com\/eu\/wp-json\/wp\/v2\/media\/7479"}],"wp:attachment":[{"href":"https:\/\/ekisolar.com\/eu\/wp-json\/wp\/v2\/media?parent=7483"}],"wp:term":[{"taxonomy":"category","embeddable":true,"href":"https:\/\/ekisolar.com\/eu\/wp-json\/wp\/v2\/categories?post=7483"},{"taxonomy":"post_tag","embeddable":true,"href":"https:\/\/ekisolar.com\/eu\/wp-json\/wp\/v2\/tags?post=7483"}],"curies":[{"name":"wp","href":"https:\/\/api.w.org\/{rel}","templated":true}]}}